{"id":585,"date":"2023-08-24T12:03:06","date_gmt":"2023-08-24T11:03:06","guid":{"rendered":"https:\/\/farmaciaarriaga.es\/blog\/?p=585"},"modified":"2023-09-19T15:27:13","modified_gmt":"2023-09-19T14:27:13","slug":"el-sol-y-la-sal-han-danado-tu-cabello","status":"publish","type":"post","link":"https:\/\/farmaciaarriaga.es\/blog\/cabello\/el-sol-y-la-sal-han-danado-tu-cabello\/","title":{"rendered":"\u00bfEL SOL Y LA SAL HAN DA\u00d1ADO TU CABELLO?"},"content":{"rendered":"\t\t<div data-elementor-type=\"wp-post\" data-elementor-id=\"585\" class=\"elementor elementor-585\">\n\t\t\t\t\t\t<section class=\"elementor-section elementor-top-section elementor-element elementor-element-223ce20 elementor-section-boxed elementor-section-height-default elementor-section-height-default\" data-id=\"223ce20\" data-element_type=\"section\" data-e-type=\"section\">\n\t\t\t\t\t\t<div class=\"elementor-container elementor-column-gap-default\">\n\t\t\t\t\t<div class=\"elementor-column elementor-col-100 elementor-top-column elementor-element elementor-element-4811ed2\" data-id=\"4811ed2\" data-element_type=\"column\" data-e-type=\"column\">\n\t\t\t<div class=\"elementor-widget-wrap elementor-element-populated\">\n\t\t\t\t\t\t<div class=\"elementor-element elementor-element-acc01c6 elementor-widget elementor-widget-image\" data-id=\"acc01c6\" data-element_type=\"widget\" data-e-type=\"widget\" data-widget_type=\"image.default\">\n\t\t\t\t<div class=\"elementor-widget-container\">\n\t\t\t\t\t\t\t\t\t\t\t\t\t\t\t<img fetchpriority=\"high\" decoding=\"async\" width=\"834\" height=\"625\" src=\"https:\/\/farmaciaarriaga.es\/blog\/wp-content\/uploads\/2023\/08\/pelo-seco-y-maltratado-en-verano.jpg\" class=\"attachment-large size-large wp-image-600\" alt=\"pelo verano\" srcset=\"https:\/\/farmaciaarriaga.es\/blog\/wp-content\/uploads\/2023\/08\/pelo-seco-y-maltratado-en-verano.jpg 834w, https:\/\/farmaciaarriaga.es\/blog\/wp-content\/uploads\/2023\/08\/pelo-seco-y-maltratado-en-verano-300x225.jpg 300w, https:\/\/farmaciaarriaga.es\/blog\/wp-content\/uploads\/2023\/08\/pelo-seco-y-maltratado-en-verano-768x576.jpg 768w\" sizes=\"(max-width: 834px) 100vw, 834px\" \/>\t\t\t\t\t\t\t\t\t\t\t\t\t\t\t<\/div>\n\t\t\t\t<\/div>\n\t\t\t\t\t<\/div>\n\t\t<\/div>\n\t\t\t\t\t<\/div>\n\t\t<\/section>\n\t\t\t\t<section class=\"elementor-section elementor-top-section elementor-element elementor-element-1da49d1 elementor-section-boxed elementor-section-height-default elementor-section-height-default\" data-id=\"1da49d1\" data-element_type=\"section\" data-e-type=\"section\">\n\t\t\t\t\t\t<div class=\"elementor-container elementor-column-gap-default\">\n\t\t\t\t\t<div class=\"elementor-column elementor-col-100 elementor-top-column elementor-element elementor-element-eba4531\" data-id=\"eba4531\" data-element_type=\"column\" data-e-type=\"column\">\n\t\t\t<div class=\"elementor-widget-wrap elementor-element-populated\">\n\t\t\t\t\t\t<div class=\"elementor-element elementor-element-c4beb9c elementor-widget elementor-widget-text-editor\" data-id=\"c4beb9c\" data-element_type=\"widget\" data-e-type=\"widget\" data-widget_type=\"text-editor.default\">\n\t\t\t\t<div class=\"elementor-widget-container\">\n\t\t\t\t\t\t\t\t\t<p><span style=\"color: #000000;\">El verano es la temporada perfecta para disfrutar del sol y el mar. Sin embargo, la combinaci\u00f3n de la exposici\u00f3n al sol y el agua salada puede da\u00f1ar nuestro cabello y dejarlo seco, opaco y propenso a la rotura. Hoy te vamos a dar algunas medidas clave para el cuidado del cabello despu\u00e9s de la exposici\u00f3n al sol y al agua salada, ayud\u00e1ndote a mantener tu melena saludable y radiante.<\/span><\/p>\t\t\t\t\t\t\t\t<\/div>\n\t\t\t\t<\/div>\n\t\t\t\t\t<\/div>\n\t\t<\/div>\n\t\t\t\t\t<\/div>\n\t\t<\/section>\n\t\t\t\t<section class=\"elementor-section elementor-top-section elementor-element elementor-element-e1dbf07 elementor-section-boxed elementor-section-height-default elementor-section-height-default\" data-id=\"e1dbf07\" data-element_type=\"section\" data-e-type=\"section\">\n\t\t\t\t\t\t<div class=\"elementor-container elementor-column-gap-default\">\n\t\t\t\t\t<div class=\"elementor-column elementor-col-100 elementor-top-column elementor-element elementor-element-894891d\" data-id=\"894891d\" data-element_type=\"column\" data-e-type=\"column\">\n\t\t\t<div class=\"elementor-widget-wrap elementor-element-populated\">\n\t\t\t\t\t\t<div class=\"elementor-element elementor-element-6b95e90 elementor-widget elementor-widget-text-editor\" data-id=\"6b95e90\" data-element_type=\"widget\" data-e-type=\"widget\" data-widget_type=\"text-editor.default\">\n\t\t\t\t<div class=\"elementor-widget-container\">\n\t\t\t\t\t\t\t\t\t<ul><li><span style=\"color: #000000;\"><u>ENJUAGA EL CABELLO DESPU\u00c9S DE NADAR<\/u><\/span><\/li><\/ul><p><span style=\"color: #000000;\">Despu\u00e9s de un chapuz\u00f3n en agua salada, es importante enjuagar el cabello con agua dulce lo antes posible. El agua salada puede resecar y da\u00f1ar el cabello, por lo que enjuagarlo ayudar\u00e1 a eliminar la sal y prevenir la acumulaci\u00f3n de residuos salinos.<\/span><\/p>\t\t\t\t\t\t\t\t<\/div>\n\t\t\t\t<\/div>\n\t\t\t\t\t<\/div>\n\t\t<\/div>\n\t\t\t\t\t<\/div>\n\t\t<\/section>\n\t\t\t\t<section class=\"elementor-section elementor-top-section elementor-element elementor-element-6b4547c elementor-section-boxed elementor-section-height-default elementor-section-height-default\" data-id=\"6b4547c\" data-element_type=\"section\" data-e-type=\"section\">\n\t\t\t\t\t\t<div class=\"elementor-container elementor-column-gap-default\">\n\t\t\t\t\t<div class=\"elementor-column elementor-col-100 elementor-top-column elementor-element elementor-element-1e144de\" data-id=\"1e144de\" data-element_type=\"column\" data-e-type=\"column\">\n\t\t\t<div class=\"elementor-widget-wrap elementor-element-populated\">\n\t\t\t\t\t\t<div class=\"elementor-element elementor-element-77c18e5 elementor-widget elementor-widget-text-editor\" data-id=\"77c18e5\" data-element_type=\"widget\" data-e-type=\"widget\" data-widget_type=\"text-editor.default\">\n\t\t\t\t<div class=\"elementor-widget-container\">\n\t\t\t\t\t\t\t\t\t<ul><li><span style=\"color: #000000;\"><u>UTILIZA UN CHAMP\u00da HIDRATANTE<\/u><\/span><\/li><\/ul><p><span style=\"color: #000000;\">Despu\u00e9s de lavar tu cabello con agua dulce, es recomendable utilizar un champ\u00fa hidratante para restaurar la humedad perdida. Busca productos que contengan ingredientes como aloe vera, aceite de coco o aceite de arg\u00e1n, ya que ayudan a nutrir y suavizar el cabello.<\/span><\/p>\t\t\t\t\t\t\t\t<\/div>\n\t\t\t\t<\/div>\n\t\t\t\t\t<\/div>\n\t\t<\/div>\n\t\t\t\t\t<\/div>\n\t\t<\/section>\n\t\t\t\t<section class=\"elementor-section elementor-top-section elementor-element elementor-element-8f11a60 elementor-section-boxed elementor-section-height-default elementor-section-height-default\" data-id=\"8f11a60\" data-element_type=\"section\" data-e-type=\"section\">\n\t\t\t\t\t\t<div class=\"elementor-container elementor-column-gap-default\">\n\t\t\t\t\t<div class=\"elementor-column elementor-col-50 elementor-top-column elementor-element elementor-element-d6b497f\" data-id=\"d6b497f\" data-element_type=\"column\" data-e-type=\"column\">\n\t\t\t<div class=\"elementor-widget-wrap elementor-element-populated\">\n\t\t\t\t\t\t<div class=\"elementor-element elementor-element-71b8e9f elementor-widget elementor-widget-image\" data-id=\"71b8e9f\" data-element_type=\"widget\" data-e-type=\"widget\" data-widget_type=\"image.default\">\n\t\t\t\t<div class=\"elementor-widget-container\">\n\t\t\t\t\t\t\t\t\t\t\t\t\t\t\t<img decoding=\"async\" width=\"600\" height=\"400\" src=\"https:\/\/farmaciaarriaga.es\/blog\/wp-content\/uploads\/2023\/07\/champu-hidratante.jpg\" class=\"attachment-large size-large wp-image-587\" alt=\"el sol y la sal han da\u00f1ado tu cabello\" srcset=\"https:\/\/farmaciaarriaga.es\/blog\/wp-content\/uploads\/2023\/07\/champu-hidratante.jpg 600w, https:\/\/farmaciaarriaga.es\/blog\/wp-content\/uploads\/2023\/07\/champu-hidratante-300x200.jpg 300w\" sizes=\"(max-width: 600px) 100vw, 600px\" \/>\t\t\t\t\t\t\t\t\t\t\t\t\t\t\t<\/div>\n\t\t\t\t<\/div>\n\t\t\t\t\t<\/div>\n\t\t<\/div>\n\t\t\t\t<div class=\"elementor-column elementor-col-50 elementor-top-column elementor-element elementor-element-3bdf908\" data-id=\"3bdf908\" data-element_type=\"column\" data-e-type=\"column\">\n\t\t\t<div class=\"elementor-widget-wrap elementor-element-populated\">\n\t\t\t\t\t\t<div class=\"elementor-element elementor-element-816446b elementor-widget elementor-widget-text-editor\" data-id=\"816446b\" data-element_type=\"widget\" data-e-type=\"widget\" data-widget_type=\"text-editor.default\">\n\t\t\t\t<div class=\"elementor-widget-container\">\n\t\t\t\t\t\t\t\t\t<ul><li><span style=\"color: #000000;\"><u>APLICA ACONDICIONADOR O MASCARILLAS REPARADORAS<\/u><\/span><\/li><\/ul><p><span style=\"color: #000000;\">Despu\u00e9s de lavar el cabello, es importante aplicar un acondicionador o una mascarilla reparadora para devolverle la hidrataci\u00f3n y reparar los da\u00f1os causados por el sol y la sal. Estos productos ayudar\u00e1n a suavizar el cabello y evitar\u00e1n que se vuelva quebradizo.<\/span><\/p>\t\t\t\t\t\t\t\t<\/div>\n\t\t\t\t<\/div>\n\t\t\t\t\t<\/div>\n\t\t<\/div>\n\t\t\t\t\t<\/div>\n\t\t<\/section>\n\t\t\t\t<section class=\"elementor-section elementor-top-section elementor-element elementor-element-91ce5c6 elementor-section-boxed elementor-section-height-default elementor-section-height-default\" data-id=\"91ce5c6\" data-element_type=\"section\" data-e-type=\"section\">\n\t\t\t\t\t\t<div class=\"elementor-container elementor-column-gap-default\">\n\t\t\t\t\t<div class=\"elementor-column elementor-col-50 elementor-top-column elementor-element elementor-element-2b2c0c2\" data-id=\"2b2c0c2\" data-element_type=\"column\" data-e-type=\"column\">\n\t\t\t<div class=\"elementor-widget-wrap elementor-element-populated\">\n\t\t\t\t\t\t<div class=\"elementor-element elementor-element-d03e16a elementor-widget elementor-widget-text-editor\" data-id=\"d03e16a\" data-element_type=\"widget\" data-e-type=\"widget\" data-widget_type=\"text-editor.default\">\n\t\t\t\t<div class=\"elementor-widget-container\">\n\t\t\t\t\t\t\t\t\t<ul><li><span style=\"color: #000000;\"><u>LIMITA EL USO DE HERRAMIENTAS DE CALOR<\/u><\/span><\/li><\/ul><p><span style=\"color: #000000;\">Tras la exposici\u00f3n al sol y al agua salada, el cabello puede volverse m\u00e1s vulnerable y propenso a da\u00f1arse con el uso de herramientas de calor como secadores, planchas o rizadores. Intenta limitar su uso y opta por estilos naturales o t\u00e9cnicas de secado al aire libre para evitar un mayor da\u00f1o.<\/span><\/p>\t\t\t\t\t\t\t\t<\/div>\n\t\t\t\t<\/div>\n\t\t\t\t\t<\/div>\n\t\t<\/div>\n\t\t\t\t<div class=\"elementor-column elementor-col-50 elementor-top-column elementor-element elementor-element-a835c37\" data-id=\"a835c37\" data-element_type=\"column\" data-e-type=\"column\">\n\t\t\t<div class=\"elementor-widget-wrap elementor-element-populated\">\n\t\t\t\t\t\t<div class=\"elementor-element elementor-element-949576c elementor-widget elementor-widget-image\" data-id=\"949576c\" data-element_type=\"widget\" data-e-type=\"widget\" data-widget_type=\"image.default\">\n\t\t\t\t<div class=\"elementor-widget-container\">\n\t\t\t\t\t\t\t\t\t\t\t\t\t\t\t<img decoding=\"async\" width=\"1024\" height=\"768\" src=\"https:\/\/farmaciaarriaga.es\/blog\/wp-content\/uploads\/2023\/07\/evitar-herramientas-calientes-para-el-pelo-1024x768.jpg\" class=\"attachment-large size-large wp-image-588\" alt=\"\" srcset=\"https:\/\/farmaciaarriaga.es\/blog\/wp-content\/uploads\/2023\/07\/evitar-herramientas-calientes-para-el-pelo-1024x768.jpg 1024w, https:\/\/farmaciaarriaga.es\/blog\/wp-content\/uploads\/2023\/07\/evitar-herramientas-calientes-para-el-pelo-300x225.jpg 300w, https:\/\/farmaciaarriaga.es\/blog\/wp-content\/uploads\/2023\/07\/evitar-herramientas-calientes-para-el-pelo-768x576.jpg 768w, https:\/\/farmaciaarriaga.es\/blog\/wp-content\/uploads\/2023\/07\/evitar-herramientas-calientes-para-el-pelo.jpg 1200w\" sizes=\"(max-width: 1024px) 100vw, 1024px\" \/>\t\t\t\t\t\t\t\t\t\t\t\t\t\t\t<\/div>\n\t\t\t\t<\/div>\n\t\t\t\t\t<\/div>\n\t\t<\/div>\n\t\t\t\t\t<\/div>\n\t\t<\/section>\n\t\t\t\t<section class=\"elementor-section elementor-top-section elementor-element elementor-element-2ca1309 elementor-section-boxed elementor-section-height-default elementor-section-height-default\" data-id=\"2ca1309\" data-element_type=\"section\" data-e-type=\"section\">\n\t\t\t\t\t\t<div class=\"elementor-container elementor-column-gap-default\">\n\t\t\t\t\t<div class=\"elementor-column elementor-col-100 elementor-top-column elementor-element elementor-element-6a8af5a\" data-id=\"6a8af5a\" data-element_type=\"column\" data-e-type=\"column\">\n\t\t\t<div class=\"elementor-widget-wrap elementor-element-populated\">\n\t\t\t\t\t\t<div class=\"elementor-element elementor-element-210d0d3 elementor-widget elementor-widget-text-editor\" data-id=\"210d0d3\" data-element_type=\"widget\" data-e-type=\"widget\" data-widget_type=\"text-editor.default\">\n\t\t\t\t<div class=\"elementor-widget-container\">\n\t\t\t\t\t\t\t\t\t<ul><li><span style=\"color: #000000;\"><u>HIDRATACI\u00d3N ADICIONAL<\/u><\/span><\/li><\/ul><p><span style=\"color: #000000;\">Adem\u00e1s de los productos capilares espec\u00edficos, es esencial mantener una hidrataci\u00f3n adecuada bebiendo suficiente agua y consumiendo alimentos ricos en nutrientes. Una alimentaci\u00f3n equilibrada y la hidrataci\u00f3n interna ayudar\u00e1n a fortalecer tu cabello desde adentro.<\/span><\/p>\t\t\t\t\t\t\t\t<\/div>\n\t\t\t\t<\/div>\n\t\t\t\t\t<\/div>\n\t\t<\/div>\n\t\t\t\t\t<\/div>\n\t\t<\/section>\n\t\t\t\t<section class=\"elementor-section elementor-top-section elementor-element elementor-element-94eadf6 elementor-section-boxed elementor-section-height-default elementor-section-height-default\" data-id=\"94eadf6\" data-element_type=\"section\" data-e-type=\"section\">\n\t\t\t\t\t\t<div class=\"elementor-container elementor-column-gap-default\">\n\t\t\t\t\t<div class=\"elementor-column elementor-col-100 elementor-top-column elementor-element elementor-element-7d5a06f\" data-id=\"7d5a06f\" data-element_type=\"column\" data-e-type=\"column\">\n\t\t\t<div class=\"elementor-widget-wrap elementor-element-populated\">\n\t\t\t\t\t\t<div class=\"elementor-element elementor-element-66f153f elementor-widget elementor-widget-text-editor\" data-id=\"66f153f\" data-element_type=\"widget\" data-e-type=\"widget\" data-widget_type=\"text-editor.default\">\n\t\t\t\t<div class=\"elementor-widget-container\">\n\t\t\t\t\t\t\t\t\t<ul><li><span style=\"color: #000000;\"><u>PROTECCI\u00d3N SOLAR<\/u><\/span><\/li><\/ul><p><span style=\"color: #000000;\">Al igual que cuidamos nuestra piel, tambi\u00e9n debemos proteger nuestro cabello de los da\u00f1inos rayos UV. Utiliza sombreros, pa\u00f1uelos o productos capilares con protecci\u00f3n solar para evitar la exposici\u00f3n directa del cabello al sol y minimizar los da\u00f1os.<\/span><\/p>\t\t\t\t\t\t\t\t<\/div>\n\t\t\t\t<\/div>\n\t\t\t\t\t<\/div>\n\t\t<\/div>\n\t\t\t\t\t<\/div>\n\t\t<\/section>\n\t\t\t\t<section class=\"elementor-section elementor-top-section elementor-element elementor-element-6fc40f0 elementor-section-boxed elementor-section-height-default elementor-section-height-default\" data-id=\"6fc40f0\" data-element_type=\"section\" data-e-type=\"section\">\n\t\t\t\t\t\t<div class=\"elementor-container elementor-column-gap-default\">\n\t\t\t\t\t<div class=\"elementor-column elementor-col-50 elementor-top-column elementor-element elementor-element-ec7a45b\" data-id=\"ec7a45b\" data-element_type=\"column\" data-e-type=\"column\">\n\t\t\t<div class=\"elementor-widget-wrap elementor-element-populated\">\n\t\t\t\t\t\t<div class=\"elementor-element elementor-element-7b1a472 elementor-widget elementor-widget-image\" data-id=\"7b1a472\" data-element_type=\"widget\" data-e-type=\"widget\" data-widget_type=\"image.default\">\n\t\t\t\t<div class=\"elementor-widget-container\">\n\t\t\t\t\t\t\t\t\t\t\t\t\t\t\t<img loading=\"lazy\" decoding=\"async\" width=\"640\" height=\"360\" src=\"https:\/\/farmaciaarriaga.es\/blog\/wp-content\/uploads\/2023\/07\/cortarse-pelo-regularmente.jpg\" class=\"attachment-large size-large wp-image-589\" alt=\"\" srcset=\"https:\/\/farmaciaarriaga.es\/blog\/wp-content\/uploads\/2023\/07\/cortarse-pelo-regularmente.jpg 640w, https:\/\/farmaciaarriaga.es\/blog\/wp-content\/uploads\/2023\/07\/cortarse-pelo-regularmente-300x169.jpg 300w\" sizes=\"(max-width: 640px) 100vw, 640px\" \/>\t\t\t\t\t\t\t\t\t\t\t\t\t\t\t<\/div>\n\t\t\t\t<\/div>\n\t\t\t\t\t<\/div>\n\t\t<\/div>\n\t\t\t\t<div class=\"elementor-column elementor-col-50 elementor-top-column elementor-element elementor-element-661c37d\" data-id=\"661c37d\" data-element_type=\"column\" data-e-type=\"column\">\n\t\t\t<div class=\"elementor-widget-wrap elementor-element-populated\">\n\t\t\t\t\t\t<div class=\"elementor-element elementor-element-b6bd9a5 elementor-widget elementor-widget-text-editor\" data-id=\"b6bd9a5\" data-element_type=\"widget\" data-e-type=\"widget\" data-widget_type=\"text-editor.default\">\n\t\t\t\t<div class=\"elementor-widget-container\">\n\t\t\t\t\t\t\t\t\t<ul><li><span style=\"color: #000000;\"><u>PROGRAMA CORTES REGULARES<\/u><\/span><\/li><\/ul><p><span style=\"color: #000000;\">Si bien el cuidado posterior al sol y al agua salada es crucial, tambi\u00e9n es importante mantener el cabello saludable a largo plazo. Programa cortes regulares para eliminar las puntas abiertas y promover el crecimiento saludable.<\/span><\/p>\t\t\t\t\t\t\t\t<\/div>\n\t\t\t\t<\/div>\n\t\t\t\t\t<\/div>\n\t\t<\/div>\n\t\t\t\t\t<\/div>\n\t\t<\/section>\n\t\t\t\t<\/div>\n\t\t","protected":false},"excerpt":{"rendered":"<p>El verano es la temporada perfecta para disfrutar del sol y el mar. Sin embargo, la combinaci\u00f3n de la exposici\u00f3n al sol y el agua salada puede da\u00f1ar nuestro cabello y dejarlo seco, opaco y propenso a la rotura. Hoy te vamos a dar algunas medidas clave para el cuidado del cabello despu\u00e9s de la [&hellip;]<\/p>\n","protected":false},"author":1,"featured_media":0,"comment_status":"open","ping_status":"open","sticky":false,"template":"","format":"standard","meta":{"site-sidebar-layout":"default","site-content-layout":"default","ast-site-content-layout":"default","site-content-style":"default","site-sidebar-style":"default","ast-global-header-display":"","ast-banner-title-visibility":"","ast-main-header-display":"","ast-hfb-above-header-display":"","ast-hfb-below-header-display":"","ast-hfb-mobile-header-display":"","site-post-title":"","ast-breadcrumbs-content":"","ast-featured-img":"","footer-sml-layout":"","ast-disable-related-posts":"","theme-transparent-header-meta":"default","adv-header-id-meta":"","stick-header-meta":"","header-above-stick-meta":"","header-main-stick-meta":"","header-below-stick-meta":"","astra-migrate-meta-layouts":"default","ast-page-background-enabled":"default","ast-page-background-meta":{"desktop":{"background-color":"var(--ast-global-color-4)","background-image":"","background-repeat":"repeat","background-position":"center center","background-size":"auto","background-attachment":"scroll","background-type":"","background-media":"","overlay-type":"","overlay-color":"","overlay-opacity":"","overlay-gradient":""},"tablet":{"background-color":"","background-image":"","background-repeat":"repeat","background-position":"center center","background-size":"auto","background-attachment":"scroll","background-type":"","background-media":"","overlay-type":"","overlay-color":"","overlay-opacity":"","overlay-gradient":""},"mobile":{"background-color":"","background-image":"","background-repeat":"repeat","background-position":"center center","background-size":"auto","background-attachment":"scroll","background-type":"","background-media":"","overlay-type":"","overlay-color":"","overlay-opacity":"","overlay-gradient":""}},"ast-content-background-meta":{"desktop":{"background-color":"var(--ast-global-color-5)","background-image":"","background-repeat":"repeat","background-position":"center center","background-size":"auto","background-attachment":"scroll","background-type":"","background-media":"","overlay-type":"","overlay-color":"","overlay-opacity":"","overlay-gradient":""},"tablet":{"background-color":"var(--ast-global-color-5)","background-image":"","background-repeat":"repeat","background-position":"center center","background-size":"auto","background-attachment":"scroll","background-type":"","background-media":"","overlay-type":"","overlay-color":"","overlay-opacity":"","overlay-gradient":""},"mobile":{"background-color":"var(--ast-global-color-5)","background-image":"","background-repeat":"repeat","background-position":"center center","background-size":"auto","background-attachment":"scroll","background-type":"","background-media":"","overlay-type":"","overlay-color":"","overlay-opacity":"","overlay-gradient":""}},"footnotes":""},"categories":[4],"tags":[],"class_list":["post-585","post","type-post","status-publish","format-standard","hentry","category-cabello"],"yoast_head":"<!-- This site is optimized with the Yoast SEO plugin v24.5 - https:\/\/yoast.com\/wordpress\/plugins\/seo\/ -->\n<title>\u00bfEL SOL Y LA SAL HAN DA\u00d1ADO TU CABELLO? - Blog Farmacia Arriaga<\/title>\n<meta name=\"description\" content=\"Farmacia Arriaga, te ayuda a recuperar tu pelo despu\u00e9s del da\u00f1o causado debido al sol, la playa y la piscina\" \/>\n<meta name=\"robots\" content=\"index, follow, max-snippet:-1, max-image-preview:large, max-video-preview:-1\" \/>\n<link rel=\"canonical\" href=\"https:\/\/farmaciaarriaga.es\/blog\/cabello\/el-sol-y-la-sal-han-danado-tu-cabello\/\" \/>\n<meta property=\"og:locale\" content=\"es_ES\" \/>\n<meta property=\"og:type\" content=\"article\" \/>\n<meta property=\"og:title\" content=\"\u00bfEL SOL Y LA SAL HAN DA\u00d1ADO TU CABELLO? - Blog Farmacia Arriaga\" \/>\n<meta property=\"og:description\" content=\"Farmacia Arriaga, te ayuda a recuperar tu pelo despu\u00e9s del da\u00f1o causado debido al sol, la playa y la piscina\" \/>\n<meta property=\"og:url\" content=\"https:\/\/farmaciaarriaga.es\/blog\/cabello\/el-sol-y-la-sal-han-danado-tu-cabello\/\" \/>\n<meta property=\"og:site_name\" content=\"Blog Farmacia Arriaga\" \/>\n<meta property=\"article:publisher\" content=\"https:\/\/www.facebook.com\/ArriagaSalud-105858345217645\/\" \/>\n<meta property=\"article:published_time\" content=\"2023-08-24T11:03:06+00:00\" \/>\n<meta property=\"article:modified_time\" content=\"2023-09-19T14:27:13+00:00\" \/>\n<meta property=\"og:image\" content=\"https:\/\/farmaciaarriaga.es\/blog\/wp-content\/uploads\/2023\/08\/pelo-seco-y-maltratado-en-verano.jpg\" \/>\n<meta name=\"author\" content=\"Farmacia Arriaga\" \/>\n<meta name=\"twitter:card\" content=\"summary_large_image\" \/>\n<meta name=\"twitter:label1\" content=\"Escrito por\" \/>\n\t<meta name=\"twitter:data1\" content=\"Farmacia Arriaga\" \/>\n\t<meta name=\"twitter:label2\" content=\"Tiempo de lectura\" \/>\n\t<meta name=\"twitter:data2\" content=\"3 minutos\" \/>\n<script type=\"application\/ld+json\" class=\"yoast-schema-graph\">{\"@context\":\"https:\/\/schema.org\",\"@graph\":[{\"@type\":\"Article\",\"@id\":\"https:\/\/farmaciaarriaga.es\/blog\/cabello\/el-sol-y-la-sal-han-danado-tu-cabello\/#article\",\"isPartOf\":{\"@id\":\"https:\/\/farmaciaarriaga.es\/blog\/cabello\/el-sol-y-la-sal-han-danado-tu-cabello\/\"},\"author\":{\"name\":\"Farmacia Arriaga\",\"@id\":\"https:\/\/farmaciaarriaga.es\/blog\/#\/schema\/person\/efa638c0742bc1f2a2896bb8316de87c\"},\"headline\":\"\u00bfEL SOL Y LA SAL HAN DA\u00d1ADO TU CABELLO?\",\"datePublished\":\"2023-08-24T11:03:06+00:00\",\"dateModified\":\"2023-09-19T14:27:13+00:00\",\"mainEntityOfPage\":{\"@id\":\"https:\/\/farmaciaarriaga.es\/blog\/cabello\/el-sol-y-la-sal-han-danado-tu-cabello\/\"},\"wordCount\":436,\"commentCount\":0,\"publisher\":{\"@id\":\"https:\/\/farmaciaarriaga.es\/blog\/#organization\"},\"image\":{\"@id\":\"https:\/\/farmaciaarriaga.es\/blog\/cabello\/el-sol-y-la-sal-han-danado-tu-cabello\/#primaryimage\"},\"thumbnailUrl\":\"https:\/\/farmaciaarriaga.es\/blog\/wp-content\/uploads\/2023\/08\/pelo-seco-y-maltratado-en-verano.jpg\",\"articleSection\":[\"Cuidado del cabello\"],\"inLanguage\":\"es\",\"potentialAction\":[{\"@type\":\"CommentAction\",\"name\":\"Comment\",\"target\":[\"https:\/\/farmaciaarriaga.es\/blog\/cabello\/el-sol-y-la-sal-han-danado-tu-cabello\/#respond\"]}]},{\"@type\":\"WebPage\",\"@id\":\"https:\/\/farmaciaarriaga.es\/blog\/cabello\/el-sol-y-la-sal-han-danado-tu-cabello\/\",\"url\":\"https:\/\/farmaciaarriaga.es\/blog\/cabello\/el-sol-y-la-sal-han-danado-tu-cabello\/\",\"name\":\"\u00bfEL SOL Y LA SAL HAN DA\u00d1ADO TU CABELLO? - Blog Farmacia Arriaga\",\"isPartOf\":{\"@id\":\"https:\/\/farmaciaarriaga.es\/blog\/#website\"},\"primaryImageOfPage\":{\"@id\":\"https:\/\/farmaciaarriaga.es\/blog\/cabello\/el-sol-y-la-sal-han-danado-tu-cabello\/#primaryimage\"},\"image\":{\"@id\":\"https:\/\/farmaciaarriaga.es\/blog\/cabello\/el-sol-y-la-sal-han-danado-tu-cabello\/#primaryimage\"},\"thumbnailUrl\":\"https:\/\/farmaciaarriaga.es\/blog\/wp-content\/uploads\/2023\/08\/pelo-seco-y-maltratado-en-verano.jpg\",\"datePublished\":\"2023-08-24T11:03:06+00:00\",\"dateModified\":\"2023-09-19T14:27:13+00:00\",\"description\":\"Farmacia Arriaga, te ayuda a recuperar tu pelo despu\u00e9s del da\u00f1o causado debido al sol, la playa y la piscina\",\"breadcrumb\":{\"@id\":\"https:\/\/farmaciaarriaga.es\/blog\/cabello\/el-sol-y-la-sal-han-danado-tu-cabello\/#breadcrumb\"},\"inLanguage\":\"es\",\"potentialAction\":[{\"@type\":\"ReadAction\",\"target\":[\"https:\/\/farmaciaarriaga.es\/blog\/cabello\/el-sol-y-la-sal-han-danado-tu-cabello\/\"]}]},{\"@type\":\"ImageObject\",\"inLanguage\":\"es\",\"@id\":\"https:\/\/farmaciaarriaga.es\/blog\/cabello\/el-sol-y-la-sal-han-danado-tu-cabello\/#primaryimage\",\"url\":\"https:\/\/farmaciaarriaga.es\/blog\/wp-content\/uploads\/2023\/08\/pelo-seco-y-maltratado-en-verano.jpg\",\"contentUrl\":\"https:\/\/farmaciaarriaga.es\/blog\/wp-content\/uploads\/2023\/08\/pelo-seco-y-maltratado-en-verano.jpg\",\"width\":834,\"height\":625,\"caption\":\"pelo verano\"},{\"@type\":\"BreadcrumbList\",\"@id\":\"https:\/\/farmaciaarriaga.es\/blog\/cabello\/el-sol-y-la-sal-han-danado-tu-cabello\/#breadcrumb\",\"itemListElement\":[{\"@type\":\"ListItem\",\"position\":1,\"name\":\"Portada\",\"item\":\"https:\/\/farmaciaarriaga.es\/blog\/\"},{\"@type\":\"ListItem\",\"position\":2,\"name\":\"\u00bfEL SOL Y LA SAL HAN DA\u00d1ADO TU CABELLO?\"}]},{\"@type\":\"WebSite\",\"@id\":\"https:\/\/farmaciaarriaga.es\/blog\/#website\",\"url\":\"https:\/\/farmaciaarriaga.es\/blog\/\",\"name\":\"Blog Farmacia Arriaga\",\"description\":\"Descubre todo lo relacionado con la salud\",\"publisher\":{\"@id\":\"https:\/\/farmaciaarriaga.es\/blog\/#organization\"},\"potentialAction\":[{\"@type\":\"SearchAction\",\"target\":{\"@type\":\"EntryPoint\",\"urlTemplate\":\"https:\/\/farmaciaarriaga.es\/blog\/?s={search_term_string}\"},\"query-input\":{\"@type\":\"PropertyValueSpecification\",\"valueRequired\":true,\"valueName\":\"search_term_string\"}}],\"inLanguage\":\"es\"},{\"@type\":\"Organization\",\"@id\":\"https:\/\/farmaciaarriaga.es\/blog\/#organization\",\"name\":\"Farmacia Arriaga\",\"url\":\"https:\/\/farmaciaarriaga.es\/blog\/\",\"logo\":{\"@type\":\"ImageObject\",\"inLanguage\":\"es\",\"@id\":\"https:\/\/farmaciaarriaga.es\/blog\/#\/schema\/logo\/image\/\",\"url\":\"https:\/\/farmaciaarriaga.es\/blog\/wp-content\/uploads\/2022\/03\/cropped-LOGO-ARY-10022021-1.jpg\",\"contentUrl\":\"https:\/\/farmaciaarriaga.es\/blog\/wp-content\/uploads\/2022\/03\/cropped-LOGO-ARY-10022021-1.jpg\",\"width\":1280,\"height\":426,\"caption\":\"Farmacia Arriaga\"},\"image\":{\"@id\":\"https:\/\/farmaciaarriaga.es\/blog\/#\/schema\/logo\/image\/\"},\"sameAs\":[\"https:\/\/www.facebook.com\/ArriagaSalud-105858345217645\/\",\"https:\/\/www.instagram.com\/farmaciaarriaga\/\"]},{\"@type\":\"Person\",\"@id\":\"https:\/\/farmaciaarriaga.es\/blog\/#\/schema\/person\/efa638c0742bc1f2a2896bb8316de87c\",\"name\":\"Farmacia Arriaga\",\"image\":{\"@type\":\"ImageObject\",\"inLanguage\":\"es\",\"@id\":\"https:\/\/farmaciaarriaga.es\/blog\/#\/schema\/person\/image\/\",\"url\":\"https:\/\/secure.gravatar.com\/avatar\/0e6f7b051c6b2c25a4091f19bdd2d4623e1395a21b47b37fc9651cb1e36b58b6?s=96&d=mm&r=g\",\"contentUrl\":\"https:\/\/secure.gravatar.com\/avatar\/0e6f7b051c6b2c25a4091f19bdd2d4623e1395a21b47b37fc9651cb1e36b58b6?s=96&d=mm&r=g\",\"caption\":\"Farmacia Arriaga\"},\"url\":\"https:\/\/farmaciaarriaga.es\/blog\/author\/admin\/\"}]}<\/script>\n<!-- \/ Yoast SEO plugin. -->","yoast_head_json":{"title":"\u00bfEL SOL Y LA SAL HAN DA\u00d1ADO TU CABELLO? - Blog Farmacia Arriaga","description":"Farmacia Arriaga, te ayuda a recuperar tu pelo despu\u00e9s del da\u00f1o causado debido al sol, la playa y la piscina","robots":{"index":"index","follow":"follow","max-snippet":"max-snippet:-1","max-image-preview":"max-image-preview:large","max-video-preview":"max-video-preview:-1"},"canonical":"https:\/\/farmaciaarriaga.es\/blog\/cabello\/el-sol-y-la-sal-han-danado-tu-cabello\/","og_locale":"es_ES","og_type":"article","og_title":"\u00bfEL SOL Y LA SAL HAN DA\u00d1ADO TU CABELLO? - Blog Farmacia Arriaga","og_description":"Farmacia Arriaga, te ayuda a recuperar tu pelo despu\u00e9s del da\u00f1o causado debido al sol, la playa y la piscina","og_url":"https:\/\/farmaciaarriaga.es\/blog\/cabello\/el-sol-y-la-sal-han-danado-tu-cabello\/","og_site_name":"Blog Farmacia Arriaga","article_publisher":"https:\/\/www.facebook.com\/ArriagaSalud-105858345217645\/","article_published_time":"2023-08-24T11:03:06+00:00","article_modified_time":"2023-09-19T14:27:13+00:00","og_image":[{"url":"https:\/\/farmaciaarriaga.es\/blog\/wp-content\/uploads\/2023\/08\/pelo-seco-y-maltratado-en-verano.jpg","type":"","width":"","height":""}],"author":"Farmacia Arriaga","twitter_card":"summary_large_image","twitter_misc":{"Escrito por":"Farmacia Arriaga","Tiempo de lectura":"3 minutos"},"schema":{"@context":"https:\/\/schema.org","@graph":[{"@type":"Article","@id":"https:\/\/farmaciaarriaga.es\/blog\/cabello\/el-sol-y-la-sal-han-danado-tu-cabello\/#article","isPartOf":{"@id":"https:\/\/farmaciaarriaga.es\/blog\/cabello\/el-sol-y-la-sal-han-danado-tu-cabello\/"},"author":{"name":"Farmacia Arriaga","@id":"https:\/\/farmaciaarriaga.es\/blog\/#\/schema\/person\/efa638c0742bc1f2a2896bb8316de87c"},"headline":"\u00bfEL SOL Y LA SAL HAN DA\u00d1ADO TU CABELLO?","datePublished":"2023-08-24T11:03:06+00:00","dateModified":"2023-09-19T14:27:13+00:00","mainEntityOfPage":{"@id":"https:\/\/farmaciaarriaga.es\/blog\/cabello\/el-sol-y-la-sal-han-danado-tu-cabello\/"},"wordCount":436,"commentCount":0,"publisher":{"@id":"https:\/\/farmaciaarriaga.es\/blog\/#organization"},"image":{"@id":"https:\/\/farmaciaarriaga.es\/blog\/cabello\/el-sol-y-la-sal-han-danado-tu-cabello\/#primaryimage"},"thumbnailUrl":"https:\/\/farmaciaarriaga.es\/blog\/wp-content\/uploads\/2023\/08\/pelo-seco-y-maltratado-en-verano.jpg","articleSection":["Cuidado del cabello"],"inLanguage":"es","potentialAction":[{"@type":"CommentAction","name":"Comment","target":["https:\/\/farmaciaarriaga.es\/blog\/cabello\/el-sol-y-la-sal-han-danado-tu-cabello\/#respond"]}]},{"@type":"WebPage","@id":"https:\/\/farmaciaarriaga.es\/blog\/cabello\/el-sol-y-la-sal-han-danado-tu-cabello\/","url":"https:\/\/farmaciaarriaga.es\/blog\/cabello\/el-sol-y-la-sal-han-danado-tu-cabello\/","name":"\u00bfEL SOL Y LA SAL HAN DA\u00d1ADO TU CABELLO? - Blog Farmacia Arriaga","isPartOf":{"@id":"https:\/\/farmaciaarriaga.es\/blog\/#website"},"primaryImageOfPage":{"@id":"https:\/\/farmaciaarriaga.es\/blog\/cabello\/el-sol-y-la-sal-han-danado-tu-cabello\/#primaryimage"},"image":{"@id":"https:\/\/farmaciaarriaga.es\/blog\/cabello\/el-sol-y-la-sal-han-danado-tu-cabello\/#primaryimage"},"thumbnailUrl":"https:\/\/farmaciaarriaga.es\/blog\/wp-content\/uploads\/2023\/08\/pelo-seco-y-maltratado-en-verano.jpg","datePublished":"2023-08-24T11:03:06+00:00","dateModified":"2023-09-19T14:27:13+00:00","description":"Farmacia Arriaga, te ayuda a recuperar tu pelo despu\u00e9s del da\u00f1o causado debido al sol, la playa y la piscina","breadcrumb":{"@id":"https:\/\/farmaciaarriaga.es\/blog\/cabello\/el-sol-y-la-sal-han-danado-tu-cabello\/#breadcrumb"},"inLanguage":"es","potentialAction":[{"@type":"ReadAction","target":["https:\/\/farmaciaarriaga.es\/blog\/cabello\/el-sol-y-la-sal-han-danado-tu-cabello\/"]}]},{"@type":"ImageObject","inLanguage":"es","@id":"https:\/\/farmaciaarriaga.es\/blog\/cabello\/el-sol-y-la-sal-han-danado-tu-cabello\/#primaryimage","url":"https:\/\/farmaciaarriaga.es\/blog\/wp-content\/uploads\/2023\/08\/pelo-seco-y-maltratado-en-verano.jpg","contentUrl":"https:\/\/farmaciaarriaga.es\/blog\/wp-content\/uploads\/2023\/08\/pelo-seco-y-maltratado-en-verano.jpg","width":834,"height":625,"caption":"pelo verano"},{"@type":"BreadcrumbList","@id":"https:\/\/farmaciaarriaga.es\/blog\/cabello\/el-sol-y-la-sal-han-danado-tu-cabello\/#breadcrumb","itemListElement":[{"@type":"ListItem","position":1,"name":"Portada","item":"https:\/\/farmaciaarriaga.es\/blog\/"},{"@type":"ListItem","position":2,"name":"\u00bfEL SOL Y LA SAL HAN DA\u00d1ADO TU CABELLO?"}]},{"@type":"WebSite","@id":"https:\/\/farmaciaarriaga.es\/blog\/#website","url":"https:\/\/farmaciaarriaga.es\/blog\/","name":"Blog Farmacia Arriaga","description":"Descubre todo lo relacionado con la salud","publisher":{"@id":"https:\/\/farmaciaarriaga.es\/blog\/#organization"},"potentialAction":[{"@type":"SearchAction","target":{"@type":"EntryPoint","urlTemplate":"https:\/\/farmaciaarriaga.es\/blog\/?s={search_term_string}"},"query-input":{"@type":"PropertyValueSpecification","valueRequired":true,"valueName":"search_term_string"}}],"inLanguage":"es"},{"@type":"Organization","@id":"https:\/\/farmaciaarriaga.es\/blog\/#organization","name":"Farmacia Arriaga","url":"https:\/\/farmaciaarriaga.es\/blog\/","logo":{"@type":"ImageObject","inLanguage":"es","@id":"https:\/\/farmaciaarriaga.es\/blog\/#\/schema\/logo\/image\/","url":"https:\/\/farmaciaarriaga.es\/blog\/wp-content\/uploads\/2022\/03\/cropped-LOGO-ARY-10022021-1.jpg","contentUrl":"https:\/\/farmaciaarriaga.es\/blog\/wp-content\/uploads\/2022\/03\/cropped-LOGO-ARY-10022021-1.jpg","width":1280,"height":426,"caption":"Farmacia Arriaga"},"image":{"@id":"https:\/\/farmaciaarriaga.es\/blog\/#\/schema\/logo\/image\/"},"sameAs":["https:\/\/www.facebook.com\/ArriagaSalud-105858345217645\/","https:\/\/www.instagram.com\/farmaciaarriaga\/"]},{"@type":"Person","@id":"https:\/\/farmaciaarriaga.es\/blog\/#\/schema\/person\/efa638c0742bc1f2a2896bb8316de87c","name":"Farmacia Arriaga","image":{"@type":"ImageObject","inLanguage":"es","@id":"https:\/\/farmaciaarriaga.es\/blog\/#\/schema\/person\/image\/","url":"https:\/\/secure.gravatar.com\/avatar\/0e6f7b051c6b2c25a4091f19bdd2d4623e1395a21b47b37fc9651cb1e36b58b6?s=96&d=mm&r=g","contentUrl":"https:\/\/secure.gravatar.com\/avatar\/0e6f7b051c6b2c25a4091f19bdd2d4623e1395a21b47b37fc9651cb1e36b58b6?s=96&d=mm&r=g","caption":"Farmacia Arriaga"},"url":"https:\/\/farmaciaarriaga.es\/blog\/author\/admin\/"}]}},"_links":{"self":[{"href":"https:\/\/farmaciaarriaga.es\/blog\/wp-json\/wp\/v2\/posts\/585","targetHints":{"allow":["GET"]}}],"collection":[{"href":"https:\/\/farmaciaarriaga.es\/blog\/wp-json\/wp\/v2\/posts"}],"about":[{"href":"https:\/\/farmaciaarriaga.es\/blog\/wp-json\/wp\/v2\/types\/post"}],"author":[{"embeddable":true,"href":"https:\/\/farmaciaarriaga.es\/blog\/wp-json\/wp\/v2\/users\/1"}],"replies":[{"embeddable":true,"href":"https:\/\/farmaciaarriaga.es\/blog\/wp-json\/wp\/v2\/comments?post=585"}],"version-history":[{"count":9,"href":"https:\/\/farmaciaarriaga.es\/blog\/wp-json\/wp\/v2\/posts\/585\/revisions"}],"predecessor-version":[{"id":603,"href":"https:\/\/farmaciaarriaga.es\/blog\/wp-json\/wp\/v2\/posts\/585\/revisions\/603"}],"wp:attachment":[{"href":"https:\/\/farmaciaarriaga.es\/blog\/wp-json\/wp\/v2\/media?parent=585"}],"wp:term":[{"taxonomy":"category","embeddable":true,"href":"https:\/\/farmaciaarriaga.es\/blog\/wp-json\/wp\/v2\/categories?post=585"},{"taxonomy":"post_tag","embeddable":true,"href":"https:\/\/farmaciaarriaga.es\/blog\/wp-json\/wp\/v2\/tags?post=585"}],"curies":[{"name":"wp","href":"https:\/\/api.w.org\/{rel}","templated":true}]}}